{"id":310,"date":"2022-01-13T12:33:47","date_gmt":"2022-01-13T12:33:47","guid":{"rendered":"http:\/\/asturias.live\/descubrir\/?p=310"},"modified":"2022-01-17T15:00:57","modified_gmt":"2022-01-17T15:00:57","slug":"arquitectura-tradicional-asturiana-el-cortin","status":"publish","type":"post","link":"https:\/\/asturias.live\/descubrir\/arquitectura\/arquitectura-tradicional-asturiana-el-cortin\/","title":{"rendered":"Arquitectura Tradicional Asturiana: El Cort\u00edn"},"content":{"rendered":"\n<p>El cort\u00edn -en ocasiones llamado curt\u00edn y cort\u00edu- es una construcci\u00f3n agraria tradicional de la zona suroccidental de&nbsp;Asturias. Tambi\u00e9n hay cortinos o cortines en las zonas lim\u00edtrofes del norte de&nbsp;Le\u00f3n&nbsp;y el oriente de&nbsp;Galicia.\u200b En definitiva, el cort\u00edn es una construcci\u00f3n propia de zonas con presencia de osos. La obra proteg\u00eda las colmenas situadas en el monte de sus incursiones y, adem\u00e1s, de otros animales que pudieran provocar da\u00f1os -incluyendo el ganado-.<\/p>\n\n\n\n<figure class=\"wp-block-image size-large\"><img loading=\"lazy\" width=\"1024\" height=\"768\" src=\"http:\/\/asturias.live\/descubrir\/wp-content\/uploads\/2022\/01\/383089405_5328017a77_o-1024x768.jpg\" alt=\"\" class=\"wp-image-311\" srcset=\"https:\/\/asturias.live\/descubrir\/wp-content\/uploads\/2022\/01\/383089405_5328017a77_o-1024x768.jpg 1024w, https:\/\/asturias.live\/descubrir\/wp-content\/uploads\/2022\/01\/383089405_5328017a77_o-300x225.jpg 300w, https:\/\/asturias.live\/descubrir\/wp-content\/uploads\/2022\/01\/383089405_5328017a77_o-768x576.jpg 768w, https:\/\/asturias.live\/descubrir\/wp-content\/uploads\/2022\/01\/383089405_5328017a77_o-1536x1152.jpg 1536w, https:\/\/asturias.live\/descubrir\/wp-content\/uploads\/2022\/01\/383089405_5328017a77_o-80x60.jpg 80w, https:\/\/asturias.live\/descubrir\/wp-content\/uploads\/2022\/01\/383089405_5328017a77_o.jpg 2032w\" sizes=\"(max-width: 1024px) 100vw, 1024px\" \/><\/figure>\n\n\n\n<p>El cort\u00edn suele tener forma redondeda, aunque hay algunos cuadrados.\u200b Se construyen utilizando solamente piedra y barro. Usualmente tienen entre 12 y 20 metros de di\u00e1metro. La altura de los muros oscila entre los 2 y los 3 metros y el espesor entre los 60 cent\u00edmetros y el metro. Se rematan con un alero de losas de&nbsp;pizarra&nbsp;que sobresalen unos 40 cent\u00edmetros en la parte superior. As\u00ed si el oso trepa se encuentra una barrera que le impide la entrada, barrera que adem\u00e1s protege la construcci\u00f3n del agua de la lluvia. La entrada al cort\u00edn se hace a trav\u00e9s de una peque\u00f1a puerta de madera con cerradura (de metro y medio de alto, 60-70 cent\u00edmetros de ancho, y a veces elevada 50 cent\u00edmetros para dificultar el acceso). En algunos ejemplares no hay puerta: en este caso, se acced\u00eda mediante&nbsp;escalera de mano.<\/p>\n\n\n\n<figure class=\"wp-block-image size-large\"><img loading=\"lazy\" width=\"1024\" height=\"768\" src=\"http:\/\/asturias.live\/descubrir\/wp-content\/uploads\/2022\/01\/1800721662_d76507b767_k-1024x768.jpg\" alt=\"\" class=\"wp-image-312\" srcset=\"https:\/\/asturias.live\/descubrir\/wp-content\/uploads\/2022\/01\/1800721662_d76507b767_k-1024x768.jpg 1024w, https:\/\/asturias.live\/descubrir\/wp-content\/uploads\/2022\/01\/1800721662_d76507b767_k-300x225.jpg 300w, https:\/\/asturias.live\/descubrir\/wp-content\/uploads\/2022\/01\/1800721662_d76507b767_k-768x576.jpg 768w, https:\/\/asturias.live\/descubrir\/wp-content\/uploads\/2022\/01\/1800721662_d76507b767_k-1536x1152.jpg 1536w, https:\/\/asturias.live\/descubrir\/wp-content\/uploads\/2022\/01\/1800721662_d76507b767_k-80x60.jpg 80w, https:\/\/asturias.live\/descubrir\/wp-content\/uploads\/2022\/01\/1800721662_d76507b767_k.jpg 2048w\" sizes=\"(max-width: 1024px) 100vw, 1024px\" \/><\/figure>\n\n\n\n<p>Los cortinos se situaban tratando de conseguir condiciones \u00f3ptimas para las&nbsp;abejas.&nbsp;Se orientaban hacia el sur, buscando el sol y el calor para las colmenas.\u200b Las zonas deb\u00edan tener agua y abundante floraci\u00f3n. Se colocaban en zonas con pendiente evitando que el muro diera sombra al interior. Por lo general, la ublicaci\u00f3n era a media ladera, &#8220;ni muy metido en el valle ni a mucha altura, porque la niebla tarda en levantar del fondo pola ma\u00f1ana y llega enseguida al alto pola tarde, y la niebla es mala enemiga de las abejas&#8221;. Era muy importante que no hubiera cortinos cerca los unos de los otros, ya que en este caso las abejas peleaban entre s\u00ed. De media, los cortinos sol\u00edan albergar entre 30 y 40 colmenas.\u200b<\/p>\n\n\n\n<figure class=\"wp-block-image size-large\"><img loading=\"lazy\" width=\"1024\" height=\"768\" src=\"http:\/\/asturias.live\/descubrir\/wp-content\/uploads\/2022\/01\/1799876573_1d08d66e37_k-1024x768.jpg\" alt=\"\" class=\"wp-image-313\" srcset=\"https:\/\/asturias.live\/descubrir\/wp-content\/uploads\/2022\/01\/1799876573_1d08d66e37_k-1024x768.jpg 1024w, https:\/\/asturias.live\/descubrir\/wp-content\/uploads\/2022\/01\/1799876573_1d08d66e37_k-300x225.jpg 300w, https:\/\/asturias.live\/descubrir\/wp-content\/uploads\/2022\/01\/1799876573_1d08d66e37_k-768x576.jpg 768w, https:\/\/asturias.live\/descubrir\/wp-content\/uploads\/2022\/01\/1799876573_1d08d66e37_k-1536x1152.jpg 1536w, https:\/\/asturias.live\/descubrir\/wp-content\/uploads\/2022\/01\/1799876573_1d08d66e37_k-80x60.jpg 80w, https:\/\/asturias.live\/descubrir\/wp-content\/uploads\/2022\/01\/1799876573_1d08d66e37_k.jpg 2048w\" sizes=\"(max-width: 1024px) 100vw, 1024px\" \/><\/figure>\n\n\n\n<p><\/p>\n\n\n\n<p>Fotos<\/p>\n\n\n\n<ol><li><a href=\"https:\/\/www.flickr.com\/photos\/parquenarceano\/\">parquenarceano<\/a> | <a href=\"https:\/\/creativecommons.org\/licenses\/by-nc\/2.0\/\">Some rights reserved<\/a><\/li><li><a href=\"https:\/\/www.flickr.com\/photos\/exnovo\/\"><a href=\"https:\/\/www.flickr.com\/photos\/exnovo\/\">Carmen Alonso Suarez<\/a> | <a href=\"https:\/\/creativecommons.org\/licenses\/by-nc-nd\/2.0\/\">Some rights reserved<\/a><\/a><\/li><li><a href=\"https:\/\/www.flickr.com\/photos\/exnovo\/\">Carmen Alonso Suarez<\/a> | <a href=\"https:\/\/creativecommons.org\/licenses\/by-nc-nd\/2.0\/\">Some rights reserved<\/a><\/li><\/ol>\n","protected":false},"excerpt":{"rendered":"<p>El cort\u00edn -en ocasiones llamado curt\u00edn y cort\u00edu- es una construcci\u00f3n agraria tradicional de la zona suroccidental de&nbsp;Asturias. Tambi\u00e9n hay cortinos o cortines en las zonas lim\u00edtrofes del norte de&nbsp;Le\u00f3n&nbsp;y el oriente de&nbsp;Galicia.\u200b En definitiva, el cort\u00edn es una construcci\u00f3n propia de zonas con presencia de osos. La obra proteg\u00eda las colmenas situadas en el &hellip; <\/p>\n","protected":false},"author":1,"featured_media":312,"comment_status":"open","ping_status":"open","sticky":false,"template":"","format":"standard","meta":{"_monsterinsights_skip_tracking":false,"_monsterinsights_sitenote_active":false,"_monsterinsights_sitenote_note":"","_monsterinsights_sitenote_category":0},"categories":[31,32],"tags":[],"yoast_head":"<!-- This site is optimized with the Yoast SEO plugin v18.2 - https:\/\/yoast.com\/wordpress\/plugins\/seo\/ -->\n<title>Arquitectura Tradicional Asturiana: El Cort\u00edn - Descubrir Asturias<\/title>\n<meta name=\"robots\" content=\"index, follow, max-snippet:-1, max-image-preview:large, max-video-preview:-1\" \/>\n<link rel=\"canonical\" href=\"https:\/\/asturias.live\/descubrir\/arquitectura\/arquitectura-tradicional-asturiana-el-cortin\/\" \/>\n<meta property=\"og:locale\" content=\"en_US\" \/>\n<meta property=\"og:type\" content=\"article\" \/>\n<meta property=\"og:title\" content=\"Arquitectura Tradicional Asturiana: El Cort\u00edn - Descubrir Asturias\" \/>\n<meta property=\"og:description\" content=\"El cort\u00edn -en ocasiones llamado curt\u00edn y cort\u00edu- es una construcci\u00f3n agraria tradicional de la zona suroccidental de&nbsp;Asturias. Tambi\u00e9n hay cortinos o cortines en las zonas lim\u00edtrofes del norte de&nbsp;Le\u00f3n&nbsp;y el oriente de&nbsp;Galicia.\u200b En definitiva, el cort\u00edn es una construcci\u00f3n propia de zonas con presencia de osos. La obra proteg\u00eda las colmenas situadas en el &hellip;\" \/>\n<meta property=\"og:url\" content=\"https:\/\/asturias.live\/descubrir\/arquitectura\/arquitectura-tradicional-asturiana-el-cortin\/\" \/>\n<meta property=\"og:site_name\" content=\"Descubrir Asturias\" \/>\n<meta property=\"article:publisher\" content=\"https:\/\/www.facebook.com\/descubrir.asturias\" \/>\n<meta property=\"article:published_time\" content=\"2022-01-13T12:33:47+00:00\" \/>\n<meta property=\"article:modified_time\" content=\"2022-01-17T15:00:57+00:00\" \/>\n<meta property=\"og:image\" content=\"https:\/\/asturias.live\/descubrir\/wp-content\/uploads\/2022\/01\/1800721662_d76507b767_k.jpg\" \/>\n\t<meta property=\"og:image:width\" content=\"2048\" \/>\n\t<meta property=\"og:image:height\" content=\"1536\" \/>\n\t<meta property=\"og:image:type\" content=\"image\/jpeg\" \/>\n<meta name=\"twitter:card\" content=\"summary_large_image\" \/>\n<meta name=\"twitter:creator\" content=\"@Asturias_Live\" \/>\n<meta name=\"twitter:site\" content=\"@Asturias_Live\" \/>\n<meta name=\"twitter:label1\" content=\"Written by\" \/>\n\t<meta name=\"twitter:data1\" content=\"Descubir Asturias\" \/>\n\t<meta name=\"twitter:label2\" content=\"Est. reading time\" \/>\n\t<meta name=\"twitter:data2\" content=\"2 minutes\" \/>\n<script type=\"application\/ld+json\" class=\"yoast-schema-graph\">{\"@context\":\"https:\/\/schema.org\",\"@graph\":[{\"@type\":\"Organization\",\"@id\":\"https:\/\/asturias.live\/descubrir\/#organization\",\"name\":\"Descubrir Asturias\",\"url\":\"https:\/\/asturias.live\/descubrir\/\",\"sameAs\":[\"https:\/\/www.facebook.com\/descubrir.asturias\",\"https:\/\/www.instagram.com\/descubrir.asturias\/\",\"https:\/\/twitter.com\/Asturias_Live\"],\"logo\":{\"@type\":\"ImageObject\",\"@id\":\"https:\/\/asturias.live\/descubrir\/#logo\",\"inLanguage\":\"en-US\",\"url\":\"https:\/\/asturias.live\/descubrir\/wp-content\/uploads\/2020\/07\/logo.png\",\"contentUrl\":\"https:\/\/asturias.live\/descubrir\/wp-content\/uploads\/2020\/07\/logo.png\",\"width\":200,\"height\":200,\"caption\":\"Descubrir Asturias\"},\"image\":{\"@id\":\"https:\/\/asturias.live\/descubrir\/#logo\"}},{\"@type\":\"WebSite\",\"@id\":\"https:\/\/asturias.live\/descubrir\/#website\",\"url\":\"https:\/\/asturias.live\/descubrir\/\",\"name\":\"Descubrir Asturias\",\"description\":\"Descubre que hacer en Asturias. Escapadas, rutas, planes con ni\u00f1os, ocio, gastronom\u00eda y mucho mas\",\"publisher\":{\"@id\":\"https:\/\/asturias.live\/descubrir\/#organization\"},\"potentialAction\":[{\"@type\":\"SearchAction\",\"target\":{\"@type\":\"EntryPoint\",\"urlTemplate\":\"https:\/\/asturias.live\/descubrir\/?s={search_term_string}\"},\"query-input\":\"required name=search_term_string\"}],\"inLanguage\":\"en-US\"},{\"@type\":\"ImageObject\",\"@id\":\"https:\/\/asturias.live\/descubrir\/arquitectura\/arquitectura-tradicional-asturiana-el-cortin\/#primaryimage\",\"inLanguage\":\"en-US\",\"url\":\"https:\/\/asturias.live\/descubrir\/wp-content\/uploads\/2022\/01\/1800721662_d76507b767_k.jpg\",\"contentUrl\":\"https:\/\/asturias.live\/descubrir\/wp-content\/uploads\/2022\/01\/1800721662_d76507b767_k.jpg\",\"width\":2048,\"height\":1536},{\"@type\":\"WebPage\",\"@id\":\"https:\/\/asturias.live\/descubrir\/arquitectura\/arquitectura-tradicional-asturiana-el-cortin\/#webpage\",\"url\":\"https:\/\/asturias.live\/descubrir\/arquitectura\/arquitectura-tradicional-asturiana-el-cortin\/\",\"name\":\"Arquitectura Tradicional Asturiana: El Cort\u00edn - Descubrir Asturias\",\"isPartOf\":{\"@id\":\"https:\/\/asturias.live\/descubrir\/#website\"},\"primaryImageOfPage\":{\"@id\":\"https:\/\/asturias.live\/descubrir\/arquitectura\/arquitectura-tradicional-asturiana-el-cortin\/#primaryimage\"},\"datePublished\":\"2022-01-13T12:33:47+00:00\",\"dateModified\":\"2022-01-17T15:00:57+00:00\",\"breadcrumb\":{\"@id\":\"https:\/\/asturias.live\/descubrir\/arquitectura\/arquitectura-tradicional-asturiana-el-cortin\/#breadcrumb\"},\"inLanguage\":\"en-US\",\"potentialAction\":[{\"@type\":\"ReadAction\",\"target\":[\"https:\/\/asturias.live\/descubrir\/arquitectura\/arquitectura-tradicional-asturiana-el-cortin\/\"]}]},{\"@type\":\"BreadcrumbList\",\"@id\":\"https:\/\/asturias.live\/descubrir\/arquitectura\/arquitectura-tradicional-asturiana-el-cortin\/#breadcrumb\",\"itemListElement\":[{\"@type\":\"ListItem\",\"position\":1,\"name\":\"Home\",\"item\":\"https:\/\/asturias.live\/descubrir\/\"},{\"@type\":\"ListItem\",\"position\":2,\"name\":\"Arquitectura Tradicional Asturiana: El Cort\u00edn\"}]},{\"@type\":\"Article\",\"@id\":\"https:\/\/asturias.live\/descubrir\/arquitectura\/arquitectura-tradicional-asturiana-el-cortin\/#article\",\"isPartOf\":{\"@id\":\"https:\/\/asturias.live\/descubrir\/arquitectura\/arquitectura-tradicional-asturiana-el-cortin\/#webpage\"},\"author\":{\"@id\":\"https:\/\/asturias.live\/descubrir\/#\/schema\/person\/5e3f6544017f4ca3efb6576d4b4c0d69\"},\"headline\":\"Arquitectura Tradicional Asturiana: El Cort\u00edn\",\"datePublished\":\"2022-01-13T12:33:47+00:00\",\"dateModified\":\"2022-01-17T15:00:57+00:00\",\"mainEntityOfPage\":{\"@id\":\"https:\/\/asturias.live\/descubrir\/arquitectura\/arquitectura-tradicional-asturiana-el-cortin\/#webpage\"},\"wordCount\":395,\"commentCount\":1,\"publisher\":{\"@id\":\"https:\/\/asturias.live\/descubrir\/#organization\"},\"image\":{\"@id\":\"https:\/\/asturias.live\/descubrir\/arquitectura\/arquitectura-tradicional-asturiana-el-cortin\/#primaryimage\"},\"thumbnailUrl\":\"https:\/\/asturias.live\/descubrir\/wp-content\/uploads\/2022\/01\/1800721662_d76507b767_k.jpg\",\"articleSection\":[\"Arquitectura\",\"Tradicional Asturiana\"],\"inLanguage\":\"en-US\",\"potentialAction\":[{\"@type\":\"CommentAction\",\"name\":\"Comment\",\"target\":[\"https:\/\/asturias.live\/descubrir\/arquitectura\/arquitectura-tradicional-asturiana-el-cortin\/#respond\"]}]},{\"@type\":\"Person\",\"@id\":\"https:\/\/asturias.live\/descubrir\/#\/schema\/person\/5e3f6544017f4ca3efb6576d4b4c0d69\",\"name\":\"Descubir Asturias\",\"image\":{\"@type\":\"ImageObject\",\"@id\":\"https:\/\/asturias.live\/descubrir\/#personlogo\",\"inLanguage\":\"en-US\",\"url\":\"https:\/\/secure.gravatar.com\/avatar\/bba48b4e3c68dcadf942990defaf7a81?s=96&d=mm&r=g\",\"contentUrl\":\"https:\/\/secure.gravatar.com\/avatar\/bba48b4e3c68dcadf942990defaf7a81?s=96&d=mm&r=g\",\"caption\":\"Descubir Asturias\"},\"sameAs\":[\"http:\/\/asturias.live\/descubrir\"],\"url\":\"https:\/\/asturias.live\/descubrir\/author\/hectronic0\/\"}]}<\/script>\n<!-- \/ Yoast SEO plugin. -->","yoast_head_json":{"title":"Arquitectura Tradicional Asturiana: El Cort\u00edn - Descubrir Asturias","robots":{"index":"index","follow":"follow","max-snippet":"max-snippet:-1","max-image-preview":"max-image-preview:large","max-video-preview":"max-video-preview:-1"},"canonical":"https:\/\/asturias.live\/descubrir\/arquitectura\/arquitectura-tradicional-asturiana-el-cortin\/","og_locale":"en_US","og_type":"article","og_title":"Arquitectura Tradicional Asturiana: El Cort\u00edn - Descubrir Asturias","og_description":"El cort\u00edn -en ocasiones llamado curt\u00edn y cort\u00edu- es una construcci\u00f3n agraria tradicional de la zona suroccidental de&nbsp;Asturias. Tambi\u00e9n hay cortinos o cortines en las zonas lim\u00edtrofes del norte de&nbsp;Le\u00f3n&nbsp;y el oriente de&nbsp;Galicia.\u200b En definitiva, el cort\u00edn es una construcci\u00f3n propia de zonas con presencia de osos. La obra proteg\u00eda las colmenas situadas en el &hellip;","og_url":"https:\/\/asturias.live\/descubrir\/arquitectura\/arquitectura-tradicional-asturiana-el-cortin\/","og_site_name":"Descubrir Asturias","article_publisher":"https:\/\/www.facebook.com\/descubrir.asturias","article_published_time":"2022-01-13T12:33:47+00:00","article_modified_time":"2022-01-17T15:00:57+00:00","og_image":[{"width":2048,"height":1536,"url":"https:\/\/asturias.live\/descubrir\/wp-content\/uploads\/2022\/01\/1800721662_d76507b767_k.jpg","type":"image\/jpeg"}],"twitter_card":"summary_large_image","twitter_creator":"@Asturias_Live","twitter_site":"@Asturias_Live","twitter_misc":{"Written by":"Descubir Asturias","Est. reading time":"2 minutes"},"schema":{"@context":"https:\/\/schema.org","@graph":[{"@type":"Organization","@id":"https:\/\/asturias.live\/descubrir\/#organization","name":"Descubrir Asturias","url":"https:\/\/asturias.live\/descubrir\/","sameAs":["https:\/\/www.facebook.com\/descubrir.asturias","https:\/\/www.instagram.com\/descubrir.asturias\/","https:\/\/twitter.com\/Asturias_Live"],"logo":{"@type":"ImageObject","@id":"https:\/\/asturias.live\/descubrir\/#logo","inLanguage":"en-US","url":"https:\/\/asturias.live\/descubrir\/wp-content\/uploads\/2020\/07\/logo.png","contentUrl":"https:\/\/asturias.live\/descubrir\/wp-content\/uploads\/2020\/07\/logo.png","width":200,"height":200,"caption":"Descubrir Asturias"},"image":{"@id":"https:\/\/asturias.live\/descubrir\/#logo"}},{"@type":"WebSite","@id":"https:\/\/asturias.live\/descubrir\/#website","url":"https:\/\/asturias.live\/descubrir\/","name":"Descubrir Asturias","description":"Descubre que hacer en Asturias. Escapadas, rutas, planes con ni\u00f1os, ocio, gastronom\u00eda y mucho mas","publisher":{"@id":"https:\/\/asturias.live\/descubrir\/#organization"},"potentialAction":[{"@type":"SearchAction","target":{"@type":"EntryPoint","urlTemplate":"https:\/\/asturias.live\/descubrir\/?s={search_term_string}"},"query-input":"required name=search_term_string"}],"inLanguage":"en-US"},{"@type":"ImageObject","@id":"https:\/\/asturias.live\/descubrir\/arquitectura\/arquitectura-tradicional-asturiana-el-cortin\/#primaryimage","inLanguage":"en-US","url":"https:\/\/asturias.live\/descubrir\/wp-content\/uploads\/2022\/01\/1800721662_d76507b767_k.jpg","contentUrl":"https:\/\/asturias.live\/descubrir\/wp-content\/uploads\/2022\/01\/1800721662_d76507b767_k.jpg","width":2048,"height":1536},{"@type":"WebPage","@id":"https:\/\/asturias.live\/descubrir\/arquitectura\/arquitectura-tradicional-asturiana-el-cortin\/#webpage","url":"https:\/\/asturias.live\/descubrir\/arquitectura\/arquitectura-tradicional-asturiana-el-cortin\/","name":"Arquitectura Tradicional Asturiana: El Cort\u00edn - Descubrir Asturias","isPartOf":{"@id":"https:\/\/asturias.live\/descubrir\/#website"},"primaryImageOfPage":{"@id":"https:\/\/asturias.live\/descubrir\/arquitectura\/arquitectura-tradicional-asturiana-el-cortin\/#primaryimage"},"datePublished":"2022-01-13T12:33:47+00:00","dateModified":"2022-01-17T15:00:57+00:00","breadcrumb":{"@id":"https:\/\/asturias.live\/descubrir\/arquitectura\/arquitectura-tradicional-asturiana-el-cortin\/#breadcrumb"},"inLanguage":"en-US","potentialAction":[{"@type":"ReadAction","target":["https:\/\/asturias.live\/descubrir\/arquitectura\/arquitectura-tradicional-asturiana-el-cortin\/"]}]},{"@type":"BreadcrumbList","@id":"https:\/\/asturias.live\/descubrir\/arquitectura\/arquitectura-tradicional-asturiana-el-cortin\/#breadcrumb","itemListElement":[{"@type":"ListItem","position":1,"name":"Home","item":"https:\/\/asturias.live\/descubrir\/"},{"@type":"ListItem","position":2,"name":"Arquitectura Tradicional Asturiana: El Cort\u00edn"}]},{"@type":"Article","@id":"https:\/\/asturias.live\/descubrir\/arquitectura\/arquitectura-tradicional-asturiana-el-cortin\/#article","isPartOf":{"@id":"https:\/\/asturias.live\/descubrir\/arquitectura\/arquitectura-tradicional-asturiana-el-cortin\/#webpage"},"author":{"@id":"https:\/\/asturias.live\/descubrir\/#\/schema\/person\/5e3f6544017f4ca3efb6576d4b4c0d69"},"headline":"Arquitectura Tradicional Asturiana: El Cort\u00edn","datePublished":"2022-01-13T12:33:47+00:00","dateModified":"2022-01-17T15:00:57+00:00","mainEntityOfPage":{"@id":"https:\/\/asturias.live\/descubrir\/arquitectura\/arquitectura-tradicional-asturiana-el-cortin\/#webpage"},"wordCount":395,"commentCount":1,"publisher":{"@id":"https:\/\/asturias.live\/descubrir\/#organization"},"image":{"@id":"https:\/\/asturias.live\/descubrir\/arquitectura\/arquitectura-tradicional-asturiana-el-cortin\/#primaryimage"},"thumbnailUrl":"https:\/\/asturias.live\/descubrir\/wp-content\/uploads\/2022\/01\/1800721662_d76507b767_k.jpg","articleSection":["Arquitectura","Tradicional Asturiana"],"inLanguage":"en-US","potentialAction":[{"@type":"CommentAction","name":"Comment","target":["https:\/\/asturias.live\/descubrir\/arquitectura\/arquitectura-tradicional-asturiana-el-cortin\/#respond"]}]},{"@type":"Person","@id":"https:\/\/asturias.live\/descubrir\/#\/schema\/person\/5e3f6544017f4ca3efb6576d4b4c0d69","name":"Descubir Asturias","image":{"@type":"ImageObject","@id":"https:\/\/asturias.live\/descubrir\/#personlogo","inLanguage":"en-US","url":"https:\/\/secure.gravatar.com\/avatar\/bba48b4e3c68dcadf942990defaf7a81?s=96&d=mm&r=g","contentUrl":"https:\/\/secure.gravatar.com\/avatar\/bba48b4e3c68dcadf942990defaf7a81?s=96&d=mm&r=g","caption":"Descubir Asturias"},"sameAs":["http:\/\/asturias.live\/descubrir"],"url":"https:\/\/asturias.live\/descubrir\/author\/hectronic0\/"}]}},"_links":{"self":[{"href":"https:\/\/asturias.live\/descubrir\/wp-json\/wp\/v2\/posts\/310"}],"collection":[{"href":"https:\/\/asturias.live\/descubrir\/wp-json\/wp\/v2\/posts"}],"about":[{"href":"https:\/\/asturias.live\/descubrir\/wp-json\/wp\/v2\/types\/post"}],"author":[{"embeddable":true,"href":"https:\/\/asturias.live\/descubrir\/wp-json\/wp\/v2\/users\/1"}],"replies":[{"embeddable":true,"href":"https:\/\/asturias.live\/descubrir\/wp-json\/wp\/v2\/comments?post=310"}],"version-history":[{"count":2,"href":"https:\/\/asturias.live\/descubrir\/wp-json\/wp\/v2\/posts\/310\/revisions"}],"predecessor-version":[{"id":321,"href":"https:\/\/asturias.live\/descubrir\/wp-json\/wp\/v2\/posts\/310\/revisions\/321"}],"wp:featuredmedia":[{"embeddable":true,"href":"https:\/\/asturias.live\/descubrir\/wp-json\/wp\/v2\/media\/312"}],"wp:attachment":[{"href":"https:\/\/asturias.live\/descubrir\/wp-json\/wp\/v2\/media?parent=310"}],"wp:term":[{"taxonomy":"category","embeddable":true,"href":"https:\/\/asturias.live\/descubrir\/wp-json\/wp\/v2\/categories?post=310"},{"taxonomy":"post_tag","embeddable":true,"href":"https:\/\/asturias.live\/descubrir\/wp-json\/wp\/v2\/tags?post=310"}],"curies":[{"name":"wp","href":"https:\/\/api.w.org\/{rel}","templated":true}]}}